{"id":338,"date":"2023-02-14T22:49:24","date_gmt":"2023-02-14T21:49:24","guid":{"rendered":"https:\/\/www.klausolafzehle.de\/zeitmitzehle\/?p=338"},"modified":"2023-02-14T22:57:20","modified_gmt":"2023-02-14T21:57:20","slug":"selbstbewusstein-oder-starke-und-schwache-fuehrungspersoenlichkeiten","status":"publish","type":"post","link":"https:\/\/www.klausolafzehle.de\/zeitmitzehle\/selbstbewusstein-oder-starke-und-schwache-fuehrungspersoenlichkeiten\/","title":{"rendered":"Warum Menschen von \u00fcberm\u00e4\u00dfigem Selbstbewu\u00dftsein strotzen, wenn Ihnen die Kompetenz fehlt"},"content":{"rendered":"<p>In einem Meeting heute habe ich wieder einmal den Unterschied zwischen einer starken und schwachen F\u00fchrungspers\u00f6nlichkeit erlebt und dachte sofort an ein das <a href=\"https:\/\/www.klausolafzehle.de\/zeitmitzehle\/grant-adam-think-again-die-kraft-des-flexiblen-denkens-was-wir-gewinnen-wenn-wir-unsere-plaene-umschmeissen\/\" target=\"_blank\" rel=\"noopener\">Buch Think Again von Adam Grant<\/a>, dass ich gerade lese. Dort schreibt er:<\/p>\n<p><a href=\"https:\/\/www.klausolafzehle.de\/zeitmitzehle\/wp-content\/uploads\/2023\/02\/IMG_6013-scaled.jpg\"><img decoding=\"async\" loading=\"lazy\" class=\"alignleft size-medium wp-image-341\" src=\"https:\/\/www.klausolafzehle.de\/zeitmitzehle\/wp-content\/uploads\/2023\/02\/IMG_6013-225x300.jpg\" alt=\"\" width=\"225\" height=\"300\" srcset=\"https:\/\/www.klausolafzehle.de\/zeitmitzehle\/wp-content\/uploads\/2023\/02\/IMG_6013-225x300.jpg 225w, https:\/\/www.klausolafzehle.de\/zeitmitzehle\/wp-content\/uploads\/2023\/02\/IMG_6013-768x1024.jpg 768w, https:\/\/www.klausolafzehle.de\/zeitmitzehle\/wp-content\/uploads\/2023\/02\/IMG_6013-1152x1536.jpg 1152w, https:\/\/www.klausolafzehle.de\/zeitmitzehle\/wp-content\/uploads\/2023\/02\/IMG_6013-1536x2048.jpg 1536w, https:\/\/www.klausolafzehle.de\/zeitmitzehle\/wp-content\/uploads\/2023\/02\/IMG_6013-scaled.jpg 1920w\" sizes=\"(max-width: 225px) 100vw, 225px\" \/><\/a>&#8222;Starke F\u00fchrungspers\u00f6nlichkeiten setzen sich mit ihren Kritikern auseinander und werden noch st\u00e4rker. Schwache F\u00fchrungspers\u00f6nlichkeiten bringen ihre Kritiker zum Schweigen und werden noch schw\u00e4cher.&#8220;*<\/p>\n<p>Das f\u00fchrt dann auch zur\u00fcck zu meinen Gedanken in einem <a href=\"https:\/\/www.klausolafzehle.de\/zeitmitzehle\/konflikte-verstehen\/\" target=\"_blank\" rel=\"noopener\">fr\u00fcheren Beitrag in diesem Blog,<\/a> in dem ich Konflikte als f\u00f6rderlich bezeichnet habe, wobei der Umgang mit Konflikten gelernt sein will.<\/p>\n<p>Adam Grant schreibt dazu, dass es in leistungsstarken Gruppen im Gegensatz zu leistungsschwachen Gruppen, w\u00e4hrend der Zusammenarbeit nur wenige Beziehungskonflikte, daf\u00fcr aber eher Aufgabenkonflikte gab, die zu einer gr\u00f6\u00dferen Kreativit\u00e4t und kl\u00fcgeren Entscheidungen gef\u00fchrt haben.**<\/p>\n<p>Zu Aussage mit den starken vs. schwachen F\u00fchrungspers\u00f6nlichkeiten noch ein Hinweis auf den von Grant vorgestellten<a href=\"https:\/\/de.wikipedia.org\/wiki\/Dunning-Kruger-Effekt\" target=\"_blank\" rel=\"noopener\"> Dunning-Kruger-Effekt<\/a>, nachdem Menschen am ehesten von \u00fcberm\u00e4\u00dfigem Selbstbewu\u00dftsein strotzen, wenn Ihnen die Kompetenz fehlt.*** Auch das habe ich heute wieder erlebt.<\/p>\n<p>*<a href=\"https:\/\/www.klausolafzehle.de\/zeitmitzehle\/grant-adam-think-again-die-kraft-des-flexiblen-denkens-was-wir-gewinnen-wenn-wir-unsere-plaene-umschmeissen\/\" target=\"_blank\" rel=\"noopener\">Grant, A. 2022<\/a>, S. 107<br \/>\n** <a href=\"https:\/\/www.klausolafzehle.de\/zeitmitzehle\/grant-adam-think-again-die-kraft-des-flexiblen-denkens-was-wir-gewinnen-wenn-wir-unsere-plaene-umschmeissen\/\" target=\"_blank\" rel=\"noopener\">vgl. Grant, A. 2022<\/a> S. 98 ff.<br \/>\n*** <a href=\"https:\/\/www.klausolafzehle.de\/zeitmitzehle\/grant-adam-think-again-die-kraft-des-flexiblen-denkens-was-wir-gewinnen-wenn-wir-unsere-plaene-umschmeissen\/\" target=\"_blank\" rel=\"noopener\">vgl. Grant, A. 2022<\/a> S. 51<\/p>\n<a class=\"synved-social-button synved-social-button-follow synved-social-size-48 synved-social-resolution-single synved-social-provider-facebook nolightbox\" data-provider=\"facebook\" target=\"_blank\" rel=\"nofollow\" title=\"Follow us on Facebook\" href=\"https:\/\/www.facebook.com\/zehle.ko\/\" style=\"font-size: 0px;width:48px;height:48px;margin:0;margin-bottom:5px;margin-right:5px\"><img alt=\"Facebook\" title=\"Follow us on Facebook\" class=\"synved-share-image synved-social-image synved-social-image-follow\" width=\"48\" height=\"48\" style=\"display: inline;width:48px;height:48px;margin: 0;padding: 0;border: none;box-shadow: none\" src=\"https:\/\/www.klausolafzehle.de\/zeitmitzehle\/wp-content\/plugins\/social-media-feather\/synved-social\/image\/social\/regular\/96x96\/facebook.png\" \/><\/a><a class=\"synved-social-button synved-social-button-follow synved-social-size-48 synved-social-resolution-single synved-social-provider-twitter nolightbox\" data-provider=\"twitter\" target=\"_blank\" rel=\"nofollow\" title=\"Follow us on Twitter\" href=\"https:\/\/twitter.com\/equidis\" style=\"font-size: 0px;width:48px;height:48px;margin:0;margin-bottom:5px;margin-right:5px\"><img alt=\"twitter\" title=\"Follow us on Twitter\" class=\"synved-share-image synved-social-image synved-social-image-follow\" width=\"48\" height=\"48\" style=\"display: inline;width:48px;height:48px;margin: 0;padding: 0;border: none;box-shadow: none\" src=\"https:\/\/www.klausolafzehle.de\/zeitmitzehle\/wp-content\/plugins\/social-media-feather\/synved-social\/image\/social\/regular\/96x96\/twitter.png\" \/><\/a><a class=\"synved-social-button synved-social-button-follow synved-social-size-48 synved-social-resolution-single synved-social-provider-linkedin nolightbox\" data-provider=\"linkedin\" target=\"_blank\" rel=\"nofollow\" title=\"Find us on Linkedin\" href=\"https:\/\/www.linkedin.com\/in\/klaus-olaf-zehle-60576\/\" style=\"font-size: 0px;width:48px;height:48px;margin:0;margin-bottom:5px;margin-right:5px\"><img alt=\"linkedin\" title=\"Find us on Linkedin\" class=\"synved-share-image synved-social-image synved-social-image-follow\" width=\"48\" height=\"48\" style=\"display: inline;width:48px;height:48px;margin: 0;padding: 0;border: none;box-shadow: none\" src=\"https:\/\/www.klausolafzehle.de\/zeitmitzehle\/wp-content\/plugins\/social-media-feather\/synved-social\/image\/social\/regular\/96x96\/linkedin.png\" \/><\/a><a class=\"synved-social-button synved-social-button-follow synved-social-size-48 synved-social-resolution-single synved-social-provider-rss nolightbox\" data-provider=\"rss\" target=\"_blank\" rel=\"nofollow\" title=\"ZeitmitZehle\" href=\"http:\/\/feeds.feedburner.com\/ZeitMitZehle\" style=\"font-size: 0px;width:48px;height:48px;margin:0;margin-bottom:5px\"><img alt=\"rss\" title=\"ZeitmitZehle\" class=\"synved-share-image synved-social-image synved-social-image-follow\" width=\"48\" height=\"48\" style=\"display: inline;width:48px;height:48px;margin: 0;padding: 0;border: none;box-shadow: none\" src=\"https:\/\/www.klausolafzehle.de\/zeitmitzehle\/wp-content\/plugins\/social-media-feather\/synved-social\/image\/social\/regular\/96x96\/rss.png\" \/><\/a>","protected":false},"excerpt":{"rendered":"<p>In einem Meeting heute habe ich wieder einmal den Unterschied zwischen einer starken und schwachen F\u00fchrungspers\u00f6nlichkeit erlebt und dachte sofort an ein das Buch Think Again von Adam Grant, dass ich gerade lese. Dort schreibt er: &#8222;Starke F\u00fchrungspers\u00f6nlichkeiten setzen sich mit ihren Kritikern auseinander und werden noch st\u00e4rker. Schwache F\u00fchrungspers\u00f6nlichkeiten bringen ihre Kritiker zum Schweigen [&hellip;]<\/p>\n","protected":false},"author":1,"featured_media":0,"comment_status":"open","ping_status":"open","sticky":false,"template":"","format":"standard","meta":{"footnotes":""},"categories":[1],"tags":[],"_links":{"self":[{"href":"https:\/\/www.klausolafzehle.de\/zeitmitzehle\/wp-json\/wp\/v2\/posts\/338"}],"collection":[{"href":"https:\/\/www.klausolafzehle.de\/zeitmitzehle\/wp-json\/wp\/v2\/posts"}],"about":[{"href":"https:\/\/www.klausolafzehle.de\/zeitmitzehle\/wp-json\/wp\/v2\/types\/post"}],"author":[{"embeddable":true,"href":"https:\/\/www.klausolafzehle.de\/zeitmitzehle\/wp-json\/wp\/v2\/users\/1"}],"replies":[{"embeddable":true,"href":"https:\/\/www.klausolafzehle.de\/zeitmitzehle\/wp-json\/wp\/v2\/comments?post=338"}],"version-history":[{"count":5,"href":"https:\/\/www.klausolafzehle.de\/zeitmitzehle\/wp-json\/wp\/v2\/posts\/338\/revisions"}],"predecessor-version":[{"id":344,"href":"https:\/\/www.klausolafzehle.de\/zeitmitzehle\/wp-json\/wp\/v2\/posts\/338\/revisions\/344"}],"wp:attachment":[{"href":"https:\/\/www.klausolafzehle.de\/zeitmitzehle\/wp-json\/wp\/v2\/media?parent=338"}],"wp:term":[{"taxonomy":"category","embeddable":true,"href":"https:\/\/www.klausolafzehle.de\/zeitmitzehle\/wp-json\/wp\/v2\/categories?post=338"},{"taxonomy":"post_tag","embeddable":true,"href":"https:\/\/www.klausolafzehle.de\/zeitmitzehle\/wp-json\/wp\/v2\/tags?post=338"}],"curies":[{"name":"wp","href":"https:\/\/api.w.org\/{rel}","templated":true}]}}