{"id":205,"date":"2020-12-07T12:39:00","date_gmt":"2020-12-07T11:39:00","guid":{"rendered":"https:\/\/www.klausolafzehle.de\/zeitmitzehle\/?p=205"},"modified":"2021-05-06T12:48:23","modified_gmt":"2021-05-06T10:48:23","slug":"glasl-friedrich-konfliktmanagement-ein-handbuch-fuer-fuehrungskraefte-beraterinnen-und-berater","status":"publish","type":"post","link":"https:\/\/www.klausolafzehle.de\/zeitmitzehle\/glasl-friedrich-konfliktmanagement-ein-handbuch-fuer-fuehrungskraefte-beraterinnen-und-berater\/","title":{"rendered":"Glasl, Friedrich: Konfliktmanagement &#8211; Ein Handbuch f\u00fcr F\u00fchrungskr\u00e4fte, Beraterinnen und Berater"},"content":{"rendered":"<p>Haupt Verlag Bern, Stuttgart, Wien 8. Auflage 2004<\/p>\n<p>Das Kompendium zum Konfliktmanagement<\/p>\n<p>Das Handbuch von Friedrich Glasl ist das deutschsprachige Standardwerk im Bereich Konfliktmanagement. Umfassender \u00dcberblick \u00fcber den Gegenstandsbereich. Allerdings keine liecht Kost. Wer sich die Zeit nehmen will das Thema Konfliktmanagement zu verstehen,\u00a0 wird von der Lekt\u00fcre profitieren.<\/p>\n<p>Rezension auf socialnet.de lesen.<\/p>\n<p>&nbsp;<\/p>\n<a class=\"synved-social-button synved-social-button-follow synved-social-size-48 synved-social-resolution-single synved-social-provider-facebook nolightbox\" data-provider=\"facebook\" target=\"_blank\" rel=\"nofollow\" title=\"Follow us on Facebook\" href=\"https:\/\/www.facebook.com\/zehle.ko\/\" style=\"font-size: 0px;width:48px;height:48px;margin:0;margin-bottom:5px;margin-right:5px\"><img alt=\"Facebook\" title=\"Follow us on Facebook\" class=\"synved-share-image synved-social-image synved-social-image-follow\" width=\"48\" height=\"48\" style=\"display: inline;width:48px;height:48px;margin: 0;padding: 0;border: none;box-shadow: none\" src=\"https:\/\/www.klausolafzehle.de\/zeitmitzehle\/wp-content\/plugins\/social-media-feather\/synved-social\/image\/social\/regular\/96x96\/facebook.png\" \/><\/a><a class=\"synved-social-button synved-social-button-follow synved-social-size-48 synved-social-resolution-single synved-social-provider-twitter nolightbox\" data-provider=\"twitter\" target=\"_blank\" rel=\"nofollow\" title=\"Follow us on Twitter\" href=\"https:\/\/twitter.com\/equidis\" style=\"font-size: 0px;width:48px;height:48px;margin:0;margin-bottom:5px;margin-right:5px\"><img alt=\"twitter\" title=\"Follow us on Twitter\" class=\"synved-share-image synved-social-image synved-social-image-follow\" width=\"48\" height=\"48\" style=\"display: inline;width:48px;height:48px;margin: 0;padding: 0;border: none;box-shadow: none\" src=\"https:\/\/www.klausolafzehle.de\/zeitmitzehle\/wp-content\/plugins\/social-media-feather\/synved-social\/image\/social\/regular\/96x96\/twitter.png\" \/><\/a><a class=\"synved-social-button synved-social-button-follow synved-social-size-48 synved-social-resolution-single synved-social-provider-linkedin nolightbox\" data-provider=\"linkedin\" target=\"_blank\" rel=\"nofollow\" title=\"Find us on Linkedin\" href=\"https:\/\/www.linkedin.com\/in\/klaus-olaf-zehle-60576\/\" style=\"font-size: 0px;width:48px;height:48px;margin:0;margin-bottom:5px;margin-right:5px\"><img alt=\"linkedin\" title=\"Find us on Linkedin\" class=\"synved-share-image synved-social-image synved-social-image-follow\" width=\"48\" height=\"48\" style=\"display: inline;width:48px;height:48px;margin: 0;padding: 0;border: none;box-shadow: none\" src=\"https:\/\/www.klausolafzehle.de\/zeitmitzehle\/wp-content\/plugins\/social-media-feather\/synved-social\/image\/social\/regular\/96x96\/linkedin.png\" \/><\/a><a class=\"synved-social-button synved-social-button-follow synved-social-size-48 synved-social-resolution-single synved-social-provider-rss nolightbox\" data-provider=\"rss\" target=\"_blank\" rel=\"nofollow\" title=\"ZeitmitZehle\" href=\"http:\/\/feeds.feedburner.com\/ZeitMitZehle\" style=\"font-size: 0px;width:48px;height:48px;margin:0;margin-bottom:5px\"><img alt=\"rss\" title=\"ZeitmitZehle\" class=\"synved-share-image synved-social-image synved-social-image-follow\" width=\"48\" height=\"48\" style=\"display: inline;width:48px;height:48px;margin: 0;padding: 0;border: none;box-shadow: none\" src=\"https:\/\/www.klausolafzehle.de\/zeitmitzehle\/wp-content\/plugins\/social-media-feather\/synved-social\/image\/social\/regular\/96x96\/rss.png\" \/><\/a>","protected":false},"excerpt":{"rendered":"<p>Haupt Verlag Bern, Stuttgart, Wien 8. Auflage 2004 Das Kompendium zum Konfliktmanagement Das Handbuch von Friedrich Glasl ist das deutschsprachige Standardwerk im Bereich Konfliktmanagement. Umfassender \u00dcberblick \u00fcber den Gegenstandsbereich. Allerdings keine liecht Kost. Wer sich die Zeit nehmen will das Thema Konfliktmanagement zu verstehen,\u00a0 wird von der Lekt\u00fcre profitieren. Rezension auf socialnet.de lesen. &nbsp;<\/p>\n","protected":false},"author":1,"featured_media":0,"comment_status":"open","ping_status":"open","sticky":false,"template":"","format":"standard","meta":{"footnotes":""},"categories":[5],"tags":[],"_links":{"self":[{"href":"https:\/\/www.klausolafzehle.de\/zeitmitzehle\/wp-json\/wp\/v2\/posts\/205"}],"collection":[{"href":"https:\/\/www.klausolafzehle.de\/zeitmitzehle\/wp-json\/wp\/v2\/posts"}],"about":[{"href":"https:\/\/www.klausolafzehle.de\/zeitmitzehle\/wp-json\/wp\/v2\/types\/post"}],"author":[{"embeddable":true,"href":"https:\/\/www.klausolafzehle.de\/zeitmitzehle\/wp-json\/wp\/v2\/users\/1"}],"replies":[{"embeddable":true,"href":"https:\/\/www.klausolafzehle.de\/zeitmitzehle\/wp-json\/wp\/v2\/comments?post=205"}],"version-history":[{"count":1,"href":"https:\/\/www.klausolafzehle.de\/zeitmitzehle\/wp-json\/wp\/v2\/posts\/205\/revisions"}],"predecessor-version":[{"id":206,"href":"https:\/\/www.klausolafzehle.de\/zeitmitzehle\/wp-json\/wp\/v2\/posts\/205\/revisions\/206"}],"wp:attachment":[{"href":"https:\/\/www.klausolafzehle.de\/zeitmitzehle\/wp-json\/wp\/v2\/media?parent=205"}],"wp:term":[{"taxonomy":"category","embeddable":true,"href":"https:\/\/www.klausolafzehle.de\/zeitmitzehle\/wp-json\/wp\/v2\/categories?post=205"},{"taxonomy":"post_tag","embeddable":true,"href":"https:\/\/www.klausolafzehle.de\/zeitmitzehle\/wp-json\/wp\/v2\/tags?post=205"}],"curies":[{"name":"wp","href":"https:\/\/api.w.org\/{rel}","templated":true}]}}